{"id":5788,"date":"2026-03-13T12:00:42","date_gmt":"2026-03-13T11:00:42","guid":{"rendered":"https:\/\/earlystage.pl\/blog\/?p=5788"},"modified":"2026-03-25T14:45:03","modified_gmt":"2026-03-25T13:45:03","slug":"mozg-na-wakacjach-co-zrobic-by-dziecko-lepiej-wypoczelo","status":"publish","type":"post","link":"https:\/\/earlystage.pl\/blog\/mozg-na-wakacjach-co-zrobic-by-dziecko-lepiej-wypoczelo\/","title":{"rendered":"M\u00f3zg na wakacjach \u2013 co zrobi\u0107, by dziecko lepiej wypocz\u0119\u0142o?"},"content":{"rendered":"<p>Wakacje oznaczaj\u0105 dla dzieci sporo czasu na zregenerowanie si\u0142 przed startem kolejnego roku szkolnego. Czy mo\u017cna sprawi\u0107, aby wakacyjny odpoczynek pom\u00f3g\u0142 dziecku jeszcze lepiej wzmocni\u0107 si\u0119 przed wrze\u015bniem? Je\u015bli szukasz sposob\u00f3w na relaks dla m\u00f3zgu dziecka, aby nowy rok szkolny przywita\u0107 z now\u0105 energi\u0105, spr\u00f3bujemy Ci pom\u00f3c.<!--more--><\/p><div id=\"ez-toc-container\" class=\"ez-toc-v2_0_72 ez-toc-custom ez-toc-container-direction\">\n<div class=\"ez-toc-title-container\">\n<p class=\"ez-toc-title\" style=\"cursor:inherit\">Spis tre\u015bci<\/p>\n<span class=\"ez-toc-title-toggle\"><a href=\"#\" class=\"ez-toc-pull-right ez-toc-btn ez-toc-btn-xs ez-toc-btn-default ez-toc-toggle\" aria-label=\"Toggle Table of Content\"><span class=\"ez-toc-js-icon-con\"><span class=\"\"><span class=\"eztoc-hide\" style=\"display:none;\">Toggle<\/span><span class=\"ez-toc-icon-toggle-span\"><svg style=\"fill: #000000;color:#000000\" xmlns=\"http:\/\/www.w3.org\/2000\/svg\" class=\"list-377408\" width=\"20px\" height=\"20px\" viewBox=\"0 0 24 24\" fill=\"none\"><path d=\"M6 6H4v2h2V6zm14 0H8v2h12V6zM4 11h2v2H4v-2zm16 0H8v2h12v-2zM4 16h2v2H4v-2zm16 0H8v2h12v-2z\" fill=\"currentColor\"><\/path><\/svg><svg style=\"fill: #000000;color:#000000\" class=\"arrow-unsorted-368013\" xmlns=\"http:\/\/www.w3.org\/2000\/svg\" width=\"10px\" height=\"10px\" viewBox=\"0 0 24 24\" version=\"1.2\" baseProfile=\"tiny\"><path d=\"M18.2 9.3l-6.2-6.3-6.2 6.3c-.2.2-.3.4-.3.7s.1.5.3.7c.2.2.4.3.7.3h11c.3 0 .5-.1.7-.3.2-.2.3-.5.3-.7s-.1-.5-.3-.7zM5.8 14.7l6.2 6.3 6.2-6.3c.2-.2.3-.5.3-.7s-.1-.5-.3-.7c-.2-.2-.4-.3-.7-.3h-11c-.3 0-.5.1-.7.3-.2.2-.3.5-.3.7s.1.5.3.7z\"\/><\/svg><\/span><\/span><\/span><\/a><\/span><\/div>\n<nav><ul class='ez-toc-list ez-toc-list-level-1 ' ><li class='ez-toc-page-1 ez-toc-heading-level-2'><a class=\"ez-toc-link ez-toc-heading-1\" href=\"https:\/\/earlystage.pl\/blog\/mozg-na-wakacjach-co-zrobic-by-dziecko-lepiej-wypoczelo\/#Czym_meczy_sie_dzieciecy_mozg_i_dlaczego_potrzebuje_urlopu\" title=\"Czym m\u0119czy si\u0119 dzieci\u0119cy m\u00f3zg i dlaczego potrzebuje urlopu?\">Czym m\u0119czy si\u0119 dzieci\u0119cy m\u00f3zg i dlaczego potrzebuje urlopu?<\/a><\/li><li class='ez-toc-page-1 ez-toc-heading-level-2'><a class=\"ez-toc-link ez-toc-heading-2\" href=\"https:\/\/earlystage.pl\/blog\/mozg-na-wakacjach-co-zrobic-by-dziecko-lepiej-wypoczelo\/#Co_oznacza_odpoczynek_dla_mozgu_dziecka\" title=\"Co oznacza odpoczynek dla m\u00f3zgu dziecka?\">Co oznacza odpoczynek dla m\u00f3zgu dziecka?<\/a><\/li><li class='ez-toc-page-1 ez-toc-heading-level-2'><a class=\"ez-toc-link ez-toc-heading-3\" href=\"https:\/\/earlystage.pl\/blog\/mozg-na-wakacjach-co-zrobic-by-dziecko-lepiej-wypoczelo\/#Pomysly_na_relaks_dla_mozgu_dziecka\" title=\"Pomys\u0142y na relaks dla m\u00f3zgu dziecka\">Pomys\u0142y na relaks dla m\u00f3zgu dziecka<\/a><\/li><\/ul><\/nav><\/div>\n\n<p>Powi\u0105zane artyku\u0142y:<\/p>\n<ul>\n<li><a href=\"https:\/\/earlystage.pl\/blog\/jak-zorganizowac-dziecku-czas-wolny-latem\/\">Jak zorganizowa\u0107 dziecku czas wolny latem?<\/a><\/li>\n<li><a href=\"https:\/\/earlystage.pl\/blog\/jak-zorganizowac-dziecku-udane-wakacje-czyli-jakich-wakacji-potrzebuja-dzieci\/\">Udane wakacje dla dziecka okiem psychologa dzieci\u0119cego<\/a><\/li>\n<li><a href=\"https:\/\/earlystage.pl\/blog\/co-zrobic-zeby-dziecko-nie-nudzilo-sie-na-wyjezdzie-rodzinnym\/\">Co zrobi\u0107, \u017ceby dziecko nie nudzi\u0142o si\u0119 na wyje\u017adzie rodzinnym?<\/a><\/li>\n<\/ul>\n<h2><span class=\"ez-toc-section\" id=\"Czym_meczy_sie_dzieciecy_mozg_i_dlaczego_potrzebuje_urlopu\"><\/span><b>Czym m\u0119czy si\u0119 dzieci\u0119cy m\u00f3zg i dlaczego potrzebuje urlopu?<\/b><span class=\"ez-toc-section-end\"><\/span><\/h2>\n<p><span style=\"font-weight: 400;\">Zaj\u0119cia szkolne, <a href=\"https:\/\/earlystage.pl\/blog\/szkola-jezykowa-czy-korepetycje-co-wybrac-dla-dziecka\/\">korepetycje<\/a>, <a href=\"https:\/\/earlystage.pl\/blog\/zajecia-pozalekcyjne-dla-dzieci-jak-wybrac-odpowiednie\/\">zaj\u0119cia pozalekcyjne<\/a>, sportowe, rozwijanie w\u0142asnych zainteresowa\u0144, nawi\u0105zywanie i utrzymywanie relacji z przyjaci\u00f3\u0142mi, <a href=\"https:\/\/earlystage.pl\/blog\/obowiazki-dziecka-czy-wiesz-dlaczego-sa-wazne\/\">obowi\u0105zki domowe<\/a>, pierwsze uniesienia i zawody mi\u0142osne, budowanie i pr\u00f3ba zrozumienia w\u0142asnej to\u017csamo\u015bci, <a href=\"https:\/\/earlystage.pl\/blog\/emocje-w-procesie-uczenia-sie-ja-emocje-wplywaja-na-nauke\/\">oswajanie z w\u0142asn\u0105 emocjonalno\u015bci\u0105<\/a>, planowanie najbli\u017cszej i dalszej przysz\u0142o\u015bci, obecno\u015b\u0107 w social mediach, rodzinne wzloty i upadki, nauka filtrowania informacji \u2013 to tylko wycinek, z kt\u00f3rym mierz\u0105 si\u0119 dzieci ka\u017cdego dnia. <strong>Dzieci\u0119cy umys\u0142 jest nieustannie w trybie intensywnej pracy<\/strong>. Nic wi\u0119c dziwnego, \u017ce dzieci potrzebuj\u0105 odpowiedniego odpoczynku, by zregenerowa\u0107 nie tylko cia\u0142o, ale r\u00f3wnie\u017c sw\u00f3j m\u00f3zg. Odpowiedniego, czyli jakiego? W jaki spos\u00f3b dzieci\u0119cy umys\u0142 odpoczywa, kiedy najlepiej si\u0119 regeneruje?<\/span><\/p>\n<p>Zobacz te\u017c:<\/p>\n<ul>\n<li><a href=\"https:\/\/earlystage.pl\/blog\/jak-zrelaksowac-mozg-po-wielu-godzinach-nauki\/\">Jak zrelaksowa\u0107 m\u00f3zg po wielu godzinach nauki?<\/a><\/li>\n<li><a href=\"https:\/\/earlystage.pl\/blog\/przerwy-w-nauce-mozg-bedzie-za-nie-wdzieczny\/\">Przerwy w nauce \u2014 m\u00f3zg b\u0119dzie za nie wdzi\u0119czny<\/a><\/li>\n<li><a href=\"https:\/\/earlystage.pl\/blog\/gimnastyka-mozgu-jak-pobudzic-mozg-do-nauki\/\">Gimnastyka m\u00f3zgu \u2013 jak pobudzi\u0107 m\u00f3zg do nauki?<\/a><\/li>\n<\/ul>\n<h2><span class=\"ez-toc-section\" id=\"Co_oznacza_odpoczynek_dla_mozgu_dziecka\"><\/span><b>Co oznacza odpoczynek dla m\u00f3zgu dziecka?<\/b><span class=\"ez-toc-section-end\"><\/span><\/h2>\n<p><span style=\"font-weight: 400;\">Bior\u0105c pod uwag\u0119 fakt, \u017ce przez ca\u0142y rok szkolny dzieci\u0119cy umys\u0142 by\u0142 ukierunkowany na intensywne uczenie si\u0119, warto da\u0107 m\u00f3zgowi co\u015b z innej p\u00f3\u0142ki \u2013 na pierwszy plan wysuwa si\u0119 <\/span><b>aktywno\u015b\u0107 fizyczna<\/b><span style=\"font-weight: 400;\">. Warto jednak pami\u0119ta\u0107, \u017ce umys\u0142 \u2013 nie tylko dzieci\u0119cy \u2013 potrzebuje r\u00f3\u017cnych bod\u017ac\u00f3w. Czasem potrzebuje si\u0119 wyciszy\u0107 w medytacji, czasem potrzebuje wi\u0119kszej stymulacji, kt\u00f3r\u0105 zapewni\u0105 np. prze\u017cycia artystyczne. Wakacje s\u0105 wspania\u0142ym czasem, aby zadba\u0107 o to, na co w ci\u0105gu roku szkolnego nie starcza\u0142o si\u0142 lub doby.\u00a0<\/span><\/p>\n<p><span style=\"font-weight: 400;\"><strong>Wakacje to r\u00f3wnie\u017c \u015bwietny moment dla dziecka na poszukiwanie w\u0142asnej pasji<\/strong>. Mo\u017ce ono bez zobowi\u0105za\u0144 spr\u00f3bowa\u0107 p\u0142ywania lub wakacyjnego kursu ta\u0144ca, <a href=\"https:\/\/polkolonie.earlystage.pl\/\">p\u00f3\u0142kolonii<\/a> z koszyk\u00f3wk\u0105 lub zaj\u0119ciami j\u0119zykowymi albo <a href=\"https:\/\/earlystage.pl\/blog\/trasy-rowerowe-z-dziecmi\/\">wycieczek <\/a><\/span>rowerowych. Mo\u017ce si\u0119gn\u0105\u0107 po ksi\u0105\u017cki, kt\u00f3re ma ochot\u0119 przeczyta\u0107, a na kt\u00f3re nie mia\u0142o czasu w ci\u0105gu roku. Warto da\u0107 dziecku swobod\u0119 w odkrywaniu, gdy\u017c mo\u017ce to zaowocowa\u0107 w kolejnych miesi\u0105cach.<\/p>\n<p><a href=\"https:\/\/earlystage.pl\/pl\/nasze-szkoly?utm_source=blog&amp;utm_medium=link&amp;utm_campaign=mozg-na-wakacjach-co-zrobic-by-dziecko-lepiej-wypoczelo\"><img loading=\"lazy\" decoding=\"async\" class=\"size-full wp-image-9817 aligncenter\" src=\"https:\/\/earlystage.pl\/blog\/wp-content\/uploads\/2024\/05\/CTA.png\" alt=\"banner angielski dla dzieci i m\u0142odzie\u017cy w Twojej okolicy\" width=\"1296\" height=\"256\" srcset=\"https:\/\/earlystage.pl\/blog\/wp-content\/uploads\/2024\/05\/CTA.png 1296w, https:\/\/earlystage.pl\/blog\/wp-content\/uploads\/2024\/05\/CTA-300x59.png 300w, https:\/\/earlystage.pl\/blog\/wp-content\/uploads\/2024\/05\/CTA-1024x202.png 1024w, https:\/\/earlystage.pl\/blog\/wp-content\/uploads\/2024\/05\/CTA-768x152.png 768w, https:\/\/earlystage.pl\/blog\/wp-content\/uploads\/2024\/05\/CTA-1170x231.png 1170w, https:\/\/earlystage.pl\/blog\/wp-content\/uploads\/2024\/05\/CTA-585x116.png 585w\" sizes=\"auto, (max-width: 1296px) 100vw, 1296px\" \/><\/a><\/p>\n<p>Zobacz te\u017c:<\/p>\n<ul>\n<li><a href=\"https:\/\/polkolonie.earlystage.pl\/\">P\u00f3\u0142kolonie letnie dla dzieci z Early Stage \u2013 nowa wakacyjna przygoda!<\/a><\/li>\n<li><a href=\"https:\/\/earlystage.pl\/blog\/co-czytac-z-dziecmi-w-wakacje\/\">Co czyta\u0107 z dzie\u0107mi w wakacje? Ksi\u0105\u017cki poleca psycholog dzieci\u0119ca<\/a><\/li>\n<\/ul>\n<h2><span class=\"ez-toc-section\" id=\"Pomysly_na_relaks_dla_mozgu_dziecka\"><\/span><b>Pomys\u0142y na relaks dla m\u00f3zgu dziecka<\/b><span class=\"ez-toc-section-end\"><\/span><\/h2>\n<ul>\n<li><a href=\"https:\/\/earlystage.pl\/blog\/medytacja-dla-dzieci-jak-pomoc-dziecku-sie-zrelaksowac\/\"><b>Medytacja dla dzieci <\/b><\/a><span style=\"font-weight: 400;\">\u2013 coraz powszechniejsz\u0105 praktyk\u0105 s\u0105 sesje medytacyjne dla dzieci w r\u00f3\u017cnym wieku. Dzi\u0119ki nim dziecko \u0107wiczy i doskonali swoje umiej\u0119tno\u015bci dotycz\u0105ce skupiania uwagi i koncentracji na jednej, wskazanej rzeczy. Ponadto, medytacja uspokaja i wycisza maluchy, kt\u00f3re coraz cz\u0119\u015bciej bywaj\u0105 przebod\u017acowane i maj\u0105 problem z d\u0142u\u017cszym zaanga\u017cowaniem si\u0119 w jedn\u0105 tylko czynno\u015b\u0107. Praktykowanie medytacji wp\u0142ywa pozytywnie na wzmacnianie kory przedczo\u0142owej, kt\u00f3ra jest odpowiedzialna za podejmowanie decyzji i nasze zachowania spo\u0142eczne. Praktyki medytacyjne pomagaj\u0105 wi\u0119c dzieciom nie tylko wyciszy\u0107 umys\u0142, ale r\u00f3wnie\u017c wp\u0142ywaj\u0105 korzystnie na kszta\u0142towanie m\u00f3zgu.<\/span><\/li>\n<li><a href=\"https:\/\/earlystage.pl\/blog\/sporty-dla-dzieci\/\"><b>Sport i aktywno\u015b\u0107 fizyczna<\/b><\/a> \u2013 aktywno\u015b\u0107 fizyczna nie tylko pomaga w kszta\u0142towaniu zdrowego cia\u0142a \u2013 w pewnym stopniu r\u00f3wnie\u017c pozwala by\u0107 \u201etu i teraz\u201d. Podczas ruchu dzieci s\u0105 ca\u0142kowicie zaanga\u017cowane w dan\u0105 czynno\u015b\u0107 ruchow\u0105, w trakcie kt\u00f3rej ich umys\u0142y mog\u0105 odpocz\u0105\u0107 od liczenia, zapami\u0119tywania, analizowania, odkodowywania. Ka\u017cda aktywno\u015b\u0107 fizyczna odpowiednio dobrana do umiej\u0119tno\u015bci i mo\u017cliwo\u015bci dziecka sprawdzi si\u0119 tu doskonale. Mo\u017cemy zdecydowa\u0107 si\u0119 na d\u0142ugie przeja\u017cd\u017cki rowerowe z naszym dzieckiem lub amatorsk\u0105 gr\u0119 w pi\u0142k\u0119 no\u017cn\u0105 podczas wakacji. Ciekawym pomys\u0142em jest r\u00f3wnie\u017c zapisanie pociechy na profesjonalne zaj\u0119cia np. ze sztuk walki, p\u0142ywania lub konkretnej techniki tanecznej. Mo\u017ce to nie tylko pom\u00f3c zregenerowa\u0107 si\u0119 i odpocz\u0105\u0107 dzieci\u0119cemu umys\u0142owi, ale i obudzi\u0107 w naszym dziecku pasj\u0119, kt\u00f3ra trwa\u0107 b\u0119dzie r\u00f3wnie\u017c po wakacjach.<\/li>\n<li><b>Dzia\u0142ania artystyczne<\/b> \u2013 je\u015bli nasze dziecko podczas trwania roku szkolnego bardzo du\u017co czyta\u0142o, pisa\u0142o i analizowa\u0142o, warto dla odmiany zaanga\u017cowa\u0107 je w czynno\u015bci artystyczne, podczas kt\u00f3rych b\u0119dzie mog\u0142o podzia\u0142a\u0107 bardziej intuicyjnie i manualnie, a tak\u017ce pobudzi\u0107 <a href=\"https:\/\/earlystage.pl\/blog\/kreatywnosc-czym-jest-i-jak-ja-pobudzic\/\">kreatywno\u015b\u0107<\/a>. Sprawdz\u0105 si\u0119 tu r\u00f3\u017cne formy \u2013 szkicowanie, malowanie, lepienie z plasteliny, rze\u017abienie w kawa\u0142ku drewna. By\u0107 mo\u017ce odkryjemy w ten spos\u00f3b talent, o kt\u00f3rym nie mieli\u015bmy poj\u0119cia?<\/li>\n<li><a href=\"https:\/\/earlystage.pl\/blog\/dlaczego-kontakt-z-natura-jest-wazny-dla-rozwoju-dziecka\/\"><b>Kontakt z przyrod\u0105<\/b><\/a><span style=\"font-weight: 400;\"> \u2013 niezawodne <a href=\"https:\/\/earlystage.pl\/blog\/stres-u-dzieci-jak-wplywa-na-proces-uczenia-sie\/\">remedium na stres<\/a>, kt\u00f3re powinno by\u0107 obecne w naszym \u017cyciu przez ca\u0142y rok. Badania wskazuj\u0105, \u017ce minimum potrzebne dla zdrowia, kt\u00f3re powinni\u015bmy ka\u017cdego dnia sp\u0119dzi\u0107 w naturze to 30 minut. Warto wi\u0119c zabra\u0107 dziecko na \u015bwiadomy spacer, podczas kt\u00f3rego b\u0119dzie obserwowa\u0142o drzewa, ws\u0142uchiwa\u0142o si\u0119 w \u015bpiew ptak\u00f3w, dostrzega\u0142o zmiany w naturze.\u00a0<\/span><\/li>\n<li><b>Spotkania z przyjaci\u00f3\u0142mi <\/b><span style=\"font-weight: 400;\">\u2013 po tak wymagaj\u0105cym roku szkolnym, podczas kt\u00f3rego kontakty ze znajomymi bywa\u0142y ograniczone do minimum, warto zapewni\u0107 dziecku mo\u017cliwo\u015b\u0107 zadbania o relacje z r\u00f3wie\u015bnikami. Warto podkre\u015bli\u0107, \u017ce chodzi o spotkania offline, a nie online \ud83d\ude42<\/span><\/li>\n<li><b>Zdrowa nuda <\/b><span style=\"font-weight: 400;\">\u2013 nie pr\u00f3buj na si\u0142\u0119 organizowa\u0107 czasu dla swojego dziecka. Nie musi ono mie\u0107 w 100% wype\u0142nionego wakacyjnego kalendarza. Nuda jest potrzebna, pomaga nieco zwolni\u0107, a przede wszystkim otwiera dziecko na przygl\u0105danie si\u0119 w\u0142asnym potrzebom. W trakcie nudy m\u0142ody cz\u0142owiek mo\u017ce zastanowi\u0107 si\u0119, na co ma ochot\u0119 w danym momencie i ma tym samym mo\u017cliwo\u015b\u0107 podj\u0119cia samodzielnej decyzji, jak sp\u0119dzi najbli\u017cszy czas. Pu\u0142apk\u0105 dla starszych dzieci s\u0105 tu media spo\u0142eczno\u015bciowe, kt\u00f3re mog\u0105 sprawi\u0107, \u017ce dziecko czuj\u0105c znudzenie z automatu w\u0142\u0105czy TikToka czy Instagram. W wi\u0119kszym zrozumieniu internetowego \u015bwiata swojego dziecka mo\u017ce pom\u00f3c<\/span><span style=\"font-weight: 400;\">\u00a0artyku\u0142: <a href=\"https:\/\/earlystage.pl\/blog\/czy-to-juz-uzaleznienie-dziecka-od-smartfona\/\">Czy to ju\u017c uzale\u017cnienie dziecka od smartfona?<\/a><\/span><\/li>\n<\/ul>\n<p>Zobacz te\u017c:<\/p>\n<ul>\n<li><a href=\"https:\/\/earlystage.pl\/blog\/po-co-dzieci-sie-bawia\/\">Po co dzieci si\u0119 bawi\u0105? Co zabawa oznacza dla rozwoju dziecka?<\/a><\/li>\n<li><a href=\"https:\/\/earlystage.pl\/blog\/zabawy-na-plazy-10-pomyslow\/\">Zabawy na pla\u017cy \u2013 10 pomys\u0142\u00f3w<\/a><\/li>\n<li><a href=\"https:\/\/earlystage.pl\/blog\/mindfulness-z-dzieckiem-w-domu\/\">Mindfulness z dzieckiem w domu<\/a><\/li>\n<li><a href=\"https:\/\/earlystage.pl\/blog\/mindfulness-dla-dzieci-i-rodzicow\/\">Mindfulness dla dzieci i rodzic\u00f3w<\/a><\/li>\n<li><a href=\"https:\/\/earlystage.pl\/blog\/5-pozytywnych-efektow-praktykowania-jogi-dla-dzieci\/\">5 pozytywnych efekt\u00f3w praktykowania jogi dla dzieci<\/a><\/li>\n<li><a href=\"https:\/\/earlystage.pl\/blog\/ksiazki-o-emocjach-dla-dzieci\/\">Ksi\u0105\u017cki o emocjach dla dzieci<\/a><\/li>\n<li><a href=\"https:\/\/earlystage.pl\/blog\/dzieci-na-wakacjach-zrob-przerwe-w-wychowaniu-i-zadbaj-o-zwiazek-w-5-krokach\/\">Wakacje bez dzieci? Zr\u00f3b przerw\u0119 w wychowaniu i zadbaj o zwi\u0105zek w 5 krokach<\/a><\/li>\n<\/ul>\n<p><span style=\"font-weight: 400;\">Jak wida\u0107 mo\u017cliwo\u015bci na sp\u0119dzanie wakacyjnego czasu \u2013 z nastawieniem na regeneracj\u0119 m\u00f3zgu \u2013 jest naprawd\u0119 wiele! Do wymienionych aktywno\u015bci warto do\u0142\u0105czy\u0107 r\u00f3wnie\u017c odpowiedni\u0105 diet\u0119 oraz wystarczaj\u0105c\u0105 ilo\u015b\u0107 snu. Miej r\u00f3wnie\u017c na uwadze, \u017ce wakacje to przede wszystkim czas dla dziecka \u2013 niech sp\u0119dza je tak, jak lubi najbardziej, gdy\u017c w czasie roku szkolnego zazwyczaj jest to o wiele trudniejsze. Dzieci\u0119cy m\u00f3zg z pewno\u015bci\u0105 na tym skorzysta!<\/span><\/p>\n<p>Zobacz te\u017c:<\/p>\n<ul>\n<li><a href=\"https:\/\/earlystage.pl\/blog\/jak-wzmocnic-organizm-na-nadchodzacy-rok-szkolny\/\">Jak wzmocni\u0107 organizm na nadchodz\u0105cy rok szkolny?<\/a><\/li>\n<li><a href=\"https:\/\/earlystage.pl\/blog\/dobrze-zaczac-2\/\">Dobrze zacz\u0105\u0107! Czyli jak przygotowa\u0107 si\u0119 (i dziecko) na nowy rok szkolny<\/a><\/li>\n<li><a href=\"https:\/\/earlystage.pl\/blog\/jak-przygotowac-dziecko-i-siebie-do-szkoly\/\">Jak przygotowa\u0107 dziecko (i siebie) do szko\u0142y? Praktyczne porady<\/a><\/li>\n<li><a href=\"https:\/\/earlystage.pl\/blog\/dzieci-na-wakacjach-zrob-przerwe-w-wychowaniu-i-zadbaj-o-zwiazek-w-5-krokach\/\">Wakacje bez dzieci? Zr\u00f3b przerw\u0119 w wychowaniu i zadbaj o zwi\u0105zek w 5 krokach<\/a><\/li>\n<\/ul>\n<p>Zdj\u0119cie:\u00a0Aliko Sunawang\u00a0|\u00a0Unsplash<\/p>\n","protected":false},"excerpt":{"rendered":"<p>Wakacje oznaczaj\u0105 dla dzieci sporo czasu na zregenerowanie si\u0142 przed startem kolejnego roku szkolnego. Czy mo\u017cna sprawi\u0107, aby wakacyjny odpoczynek pom\u00f3g\u0142 dziecku jeszcze lepiej wzmocni\u0107 si\u0119 przed wrze\u015bniem? Je\u015bli szukasz sposob\u00f3w&hellip;<\/p>\n","protected":false},"author":20,"featured_media":5789,"comment_status":"open","ping_status":"open","sticky":false,"template":"","format":"standard","meta":{"_acf_changed":false,"footnotes":""},"categories":[2,1305],"tags":[537,535,536,54],"class_list":["post-5788","post","type-post","status-publish","format-standard","has-post-thumbnail","hentry","category-wychowanie","category-lato-z-dzieckiem","tag-jak-pomoc-dziecku-odpoczac","tag-odpoczynek","tag-relaks-dziecka","tag-rodzicielstwo"],"acf":[],"yoast_head":"<!-- This site is optimized with the Yoast SEO plugin v24.6 - https:\/\/yoast.com\/wordpress\/plugins\/seo\/ -->\n<title>Relaks dla m\u00f3zgu. Co zrobi\u0107, by dziecko wypocz\u0119\u0142o na wakacjach?<\/title>\n<meta name=\"description\" content=\"Relaks dla m\u00f3zgu nie oznacza le\u017cenia na kanapie! Sprawd\u017a, co zrobi\u0107, by Twoje dziecko nabra\u0142o si\u0142 w czasie wakacji!\" \/>\n<meta name=\"robots\" content=\"index, follow, max-snippet:-1, max-image-preview:large, max-video-preview:-1\" \/>\n<link rel=\"canonical\" href=\"https:\/\/earlystage.pl\/blog\/mozg-na-wakacjach-co-zrobic-by-dziecko-lepiej-wypoczelo\/\" \/>\n<meta property=\"og:locale\" content=\"pl_PL\" \/>\n<meta property=\"og:type\" content=\"article\" \/>\n<meta property=\"og:title\" content=\"Relaks dla m\u00f3zgu. Co zrobi\u0107, by dziecko wypocz\u0119\u0142o na wakacjach?\" \/>\n<meta property=\"og:description\" content=\"Relaks dla m\u00f3zgu nie oznacza le\u017cenia na kanapie! Sprawd\u017a, co zrobi\u0107, by Twoje dziecko nabra\u0142o si\u0142 w czasie wakacji!\" \/>\n<meta property=\"og:url\" content=\"https:\/\/earlystage.pl\/blog\/mozg-na-wakacjach-co-zrobic-by-dziecko-lepiej-wypoczelo\/\" \/>\n<meta property=\"og:site_name\" content=\"Early Stage\" \/>\n<meta property=\"article:published_time\" content=\"2026-03-13T11:00:42+00:00\" \/>\n<meta property=\"article:modified_time\" content=\"2026-03-25T13:45:03+00:00\" \/>\n<meta property=\"og:image\" content=\"https:\/\/earlystage.pl\/blog\/wp-content\/uploads\/2021\/07\/Mozg-na-wakacjach-\u2013-co-zrobic-by-dziecko-lepiej-wypoczelo--scaled.jpg\" \/>\n\t<meta property=\"og:image:width\" content=\"2560\" \/>\n\t<meta property=\"og:image:height\" content=\"1707\" \/>\n\t<meta property=\"og:image:type\" content=\"image\/jpeg\" \/>\n<meta name=\"author\" content=\"Anna Wi\u015bniewska\" \/>\n<meta name=\"twitter:card\" content=\"summary_large_image\" \/>\n<meta name=\"twitter:label1\" content=\"Napisane przez\" \/>\n\t<meta name=\"twitter:data1\" content=\"Anna Wi\u015bniewska\" \/>\n\t<meta name=\"twitter:label2\" content=\"Szacowany czas czytania\" \/>\n\t<meta name=\"twitter:data2\" content=\"7 minut\" \/>\n<!-- \/ Yoast SEO plugin. -->","yoast_head_json":{"title":"Relaks dla m\u00f3zgu. Co zrobi\u0107, by dziecko wypocz\u0119\u0142o na wakacjach?","description":"Relaks dla m\u00f3zgu nie oznacza le\u017cenia na kanapie! Sprawd\u017a, co zrobi\u0107, by Twoje dziecko nabra\u0142o si\u0142 w czasie wakacji!","robots":{"index":"index","follow":"follow","max-snippet":"max-snippet:-1","max-image-preview":"max-image-preview:large","max-video-preview":"max-video-preview:-1"},"canonical":"https:\/\/earlystage.pl\/blog\/mozg-na-wakacjach-co-zrobic-by-dziecko-lepiej-wypoczelo\/","og_locale":"pl_PL","og_type":"article","og_title":"Relaks dla m\u00f3zgu. Co zrobi\u0107, by dziecko wypocz\u0119\u0142o na wakacjach?","og_description":"Relaks dla m\u00f3zgu nie oznacza le\u017cenia na kanapie! Sprawd\u017a, co zrobi\u0107, by Twoje dziecko nabra\u0142o si\u0142 w czasie wakacji!","og_url":"https:\/\/earlystage.pl\/blog\/mozg-na-wakacjach-co-zrobic-by-dziecko-lepiej-wypoczelo\/","og_site_name":"Early Stage","article_published_time":"2026-03-13T11:00:42+00:00","article_modified_time":"2026-03-25T13:45:03+00:00","og_image":[{"width":2560,"height":1707,"url":"https:\/\/earlystage.pl\/blog\/wp-content\/uploads\/2021\/07\/Mozg-na-wakacjach-\u2013-co-zrobic-by-dziecko-lepiej-wypoczelo--scaled.jpg","type":"image\/jpeg"}],"author":"Anna Wi\u015bniewska","twitter_card":"summary_large_image","twitter_misc":{"Napisane przez":"Anna Wi\u015bniewska","Szacowany czas czytania":"7 minut"},"schema":{"@context":"https:\/\/schema.org","@graph":[{"@type":"WebPage","@id":"https:\/\/earlystage.pl\/blog\/mozg-na-wakacjach-co-zrobic-by-dziecko-lepiej-wypoczelo\/","url":"https:\/\/earlystage.pl\/blog\/mozg-na-wakacjach-co-zrobic-by-dziecko-lepiej-wypoczelo\/","name":"Relaks dla m\u00f3zgu. Co zrobi\u0107, by dziecko wypocz\u0119\u0142o na wakacjach?","isPartOf":{"@id":"https:\/\/earlystage.pl\/blog\/#website"},"primaryImageOfPage":{"@id":"https:\/\/earlystage.pl\/blog\/mozg-na-wakacjach-co-zrobic-by-dziecko-lepiej-wypoczelo\/#primaryimage"},"image":{"@id":"https:\/\/earlystage.pl\/blog\/mozg-na-wakacjach-co-zrobic-by-dziecko-lepiej-wypoczelo\/#primaryimage"},"thumbnailUrl":"https:\/\/earlystage.pl\/blog\/wp-content\/uploads\/2021\/07\/Mozg-na-wakacjach-\u2013-co-zrobic-by-dziecko-lepiej-wypoczelo--scaled.jpg","datePublished":"2026-03-13T11:00:42+00:00","dateModified":"2026-03-25T13:45:03+00:00","author":{"@id":"https:\/\/earlystage.pl\/blog\/#\/schema\/person\/d9954311ae4ede6c5a91fd0cc06305a1"},"description":"Relaks dla m\u00f3zgu nie oznacza le\u017cenia na kanapie! Sprawd\u017a, co zrobi\u0107, by Twoje dziecko nabra\u0142o si\u0142 w czasie wakacji!","breadcrumb":{"@id":"https:\/\/earlystage.pl\/blog\/mozg-na-wakacjach-co-zrobic-by-dziecko-lepiej-wypoczelo\/#breadcrumb"},"inLanguage":"pl-PL","potentialAction":[{"@type":"ReadAction","target":["https:\/\/earlystage.pl\/blog\/mozg-na-wakacjach-co-zrobic-by-dziecko-lepiej-wypoczelo\/"]}]},{"@type":"ImageObject","inLanguage":"pl-PL","@id":"https:\/\/earlystage.pl\/blog\/mozg-na-wakacjach-co-zrobic-by-dziecko-lepiej-wypoczelo\/#primaryimage","url":"https:\/\/earlystage.pl\/blog\/wp-content\/uploads\/2021\/07\/Mozg-na-wakacjach-\u2013-co-zrobic-by-dziecko-lepiej-wypoczelo--scaled.jpg","contentUrl":"https:\/\/earlystage.pl\/blog\/wp-content\/uploads\/2021\/07\/Mozg-na-wakacjach-\u2013-co-zrobic-by-dziecko-lepiej-wypoczelo--scaled.jpg","width":2560,"height":1707,"caption":"m\u00f3zg"},{"@type":"BreadcrumbList","@id":"https:\/\/earlystage.pl\/blog\/mozg-na-wakacjach-co-zrobic-by-dziecko-lepiej-wypoczelo\/#breadcrumb","itemListElement":[{"@type":"ListItem","position":1,"name":"Strona g\u0142\u00f3wna","item":"https:\/\/earlystage.pl\/blog\/"},{"@type":"ListItem","position":2,"name":"M\u00f3zg na wakacjach \u2013 co zrobi\u0107, by dziecko lepiej wypocz\u0119\u0142o?"}]},{"@type":"WebSite","@id":"https:\/\/earlystage.pl\/blog\/#website","url":"https:\/\/earlystage.pl\/blog\/","name":"Early Stage","description":"Blog o nauce j\u0119zyka angielskiego dla dzieci i rodzic\u00f3w","potentialAction":[{"@type":"SearchAction","target":{"@type":"EntryPoint","urlTemplate":"https:\/\/earlystage.pl\/blog\/?s={search_term_string}"},"query-input":{"@type":"PropertyValueSpecification","valueRequired":true,"valueName":"search_term_string"}}],"inLanguage":"pl-PL"},{"@type":"Person","@id":"https:\/\/earlystage.pl\/blog\/#\/schema\/person\/d9954311ae4ede6c5a91fd0cc06305a1","name":"Anna Wi\u015bniewska","image":{"@type":"ImageObject","inLanguage":"pl-PL","@id":"https:\/\/earlystage.pl\/blog\/#\/schema\/person\/image\/","url":"https:\/\/secure.gravatar.com\/avatar\/2f7b737182fafd5fbda9ccb7128aa397?s=96&d=mm&r=g","contentUrl":"https:\/\/secure.gravatar.com\/avatar\/2f7b737182fafd5fbda9ccb7128aa397?s=96&d=mm&r=g","caption":"Anna Wi\u015bniewska"},"description":"Redaktorka i dziennikarka z wieloletnim sta\u017cem. Zafascynowana SEO i kognitywistyk\u0105. Pracowa\u0142a jako redaktorka ds. promocji dla Gazety Wyborczej, pisa\u0142a m.in. dla serwis\u00f3w parenting.pl, abczdrowie.pl, smaker.pl, deccoria.pl, hijunior.pl. Teraz z rado\u015bci\u0105 wsp\u00f3\u0142tworzy Early Stage. W wolnych chwilach szyde\u0142kuje, czyta i s\u0142ucha metalu na zmian\u0119 z najlepsz\u0105 muzyk\u0105 filmow\u0105. Jest mam\u0105 Ady i Tymka.","url":"https:\/\/earlystage.pl\/blog\/author\/anna-wisniewska\/"}]}},"views":3195,"fimg_url":"https:\/\/earlystage.pl\/blog\/wp-content\/uploads\/2021\/07\/Mozg-na-wakacjach-\u2013-co-zrobic-by-dziecko-lepiej-wypoczelo--585x390.jpg","_links":{"self":[{"href":"https:\/\/earlystage.pl\/blog\/wp-json\/wp\/v2\/posts\/5788","targetHints":{"allow":["GET"]}}],"collection":[{"href":"https:\/\/earlystage.pl\/blog\/wp-json\/wp\/v2\/posts"}],"about":[{"href":"https:\/\/earlystage.pl\/blog\/wp-json\/wp\/v2\/types\/post"}],"author":[{"embeddable":true,"href":"https:\/\/earlystage.pl\/blog\/wp-json\/wp\/v2\/users\/20"}],"replies":[{"embeddable":true,"href":"https:\/\/earlystage.pl\/blog\/wp-json\/wp\/v2\/comments?post=5788"}],"version-history":[{"count":24,"href":"https:\/\/earlystage.pl\/blog\/wp-json\/wp\/v2\/posts\/5788\/revisions"}],"predecessor-version":[{"id":14067,"href":"https:\/\/earlystage.pl\/blog\/wp-json\/wp\/v2\/posts\/5788\/revisions\/14067"}],"wp:featuredmedia":[{"embeddable":true,"href":"https:\/\/earlystage.pl\/blog\/wp-json\/wp\/v2\/media\/5789"}],"wp:attachment":[{"href":"https:\/\/earlystage.pl\/blog\/wp-json\/wp\/v2\/media?parent=5788"}],"wp:term":[{"taxonomy":"category","embeddable":true,"href":"https:\/\/earlystage.pl\/blog\/wp-json\/wp\/v2\/categories?post=5788"},{"taxonomy":"post_tag","embeddable":true,"href":"https:\/\/earlystage.pl\/blog\/wp-json\/wp\/v2\/tags?post=5788"}],"curies":[{"name":"wp","href":"https:\/\/api.w.org\/{rel}","templated":true}]}}